{"id":168,"date":"2021-02-04T06:00:33","date_gmt":"2021-02-04T04:00:33","guid":{"rendered":"http:\/\/seitsesolme.ee\/?p=168"},"modified":"2021-02-28T10:00:40","modified_gmt":"2021-02-28T08:00:40","slug":"ameeriklane-adam-cullen-norrakas-oyvind-rangoy-ja-soomlane-ville-hytonen-valismaa-kirjanikud-kes-armusid-eesti-keelde","status":"publish","type":"post","link":"https:\/\/seitsesolme.ee\/index.php\/2021\/02\/04\/ameeriklane-adam-cullen-norrakas-oyvind-rangoy-ja-soomlane-ville-hytonen-valismaa-kirjanikud-kes-armusid-eesti-keelde\/","title":{"rendered":"Ameeriklane Adam Cullen, norrakas \u00d8yvind Rang\u00f8y ja soomlane Ville Hyt\u00f6nen: v\u00e4lismaa kirjanikud, kes armusid eesti keelde"},"content":{"rendered":"\n<p><strong>Ameeriklane Adam Cullen, norrakas \u00d8yvind Rang\u00f8y ja soomlane Ville Hyt\u00f6nen on mehed, keda \u00fchendab t\u00f5ik, et nad k\u00f5ik on Eestisse elama kolinud ja siin oma raamatuid v\u00e4lja andvad kirjanikud. Soovitame v\u00e4ga!<\/strong><\/p>\n\n\n\n<p> Loe edasi <a href=\"https:\/\/naine.ohtuleht.ee\/1024785\/ameeriklane-adam-cullen-norrakas-yvind-rangy-ja-soomlane-ville-hytonen-valismaa-kirjanikud-kes-armusid-eesti-keelde\">Naistelehest<\/a>.<\/p>\n","protected":false},"excerpt":{"rendered":"<p>Ameeriklane Adam Cullen, norrakas \u00d8yvind Rang\u00f8y ja soomlane Ville Hyt\u00f6nen on mehed, keda \u00fchendab t\u00f5ik, et nad k\u00f5ik on Eestisse elama kolinud ja siin oma raamatuid v\u00e4lja andvad kirjanikud. Soovitame v\u00e4ga! Loe edasi Naistelehest.<span class=\"more-link\"><a href=\"https:\/\/seitsesolme.ee\/index.php\/2021\/02\/04\/ameeriklane-adam-cullen-norrakas-oyvind-rangoy-ja-soomlane-ville-hytonen-valismaa-kirjanikud-kes-armusid-eesti-keelde\/\">Loe edasi<\/a><\/span><\/p>\n","protected":false},"author":1,"featured_media":169,"comment_status":"closed","ping_status":"closed","sticky":false,"template":"","format":"standard","meta":{"footnotes":""},"categories":[18,1],"tags":[],"class_list":["entry","author-seitsesolme","post-168","post","type-post","status-publish","format-standard","has-post-thumbnail","category-ajakirjanduses","category-uudised"],"_links":{"self":[{"href":"https:\/\/seitsesolme.ee\/index.php\/wp-json\/wp\/v2\/posts\/168","targetHints":{"allow":["GET"]}}],"collection":[{"href":"https:\/\/seitsesolme.ee\/index.php\/wp-json\/wp\/v2\/posts"}],"about":[{"href":"https:\/\/seitsesolme.ee\/index.php\/wp-json\/wp\/v2\/types\/post"}],"author":[{"embeddable":true,"href":"https:\/\/seitsesolme.ee\/index.php\/wp-json\/wp\/v2\/users\/1"}],"replies":[{"embeddable":true,"href":"https:\/\/seitsesolme.ee\/index.php\/wp-json\/wp\/v2\/comments?post=168"}],"version-history":[{"count":1,"href":"https:\/\/seitsesolme.ee\/index.php\/wp-json\/wp\/v2\/posts\/168\/revisions"}],"predecessor-version":[{"id":170,"href":"https:\/\/seitsesolme.ee\/index.php\/wp-json\/wp\/v2\/posts\/168\/revisions\/170"}],"wp:featuredmedia":[{"embeddable":true,"href":"https:\/\/seitsesolme.ee\/index.php\/wp-json\/wp\/v2\/media\/169"}],"wp:attachment":[{"href":"https:\/\/seitsesolme.ee\/index.php\/wp-json\/wp\/v2\/media?parent=168"}],"wp:term":[{"taxonomy":"category","embeddable":true,"href":"https:\/\/seitsesolme.ee\/index.php\/wp-json\/wp\/v2\/categories?post=168"},{"taxonomy":"post_tag","embeddable":true,"href":"https:\/\/seitsesolme.ee\/index.php\/wp-json\/wp\/v2\/tags?post=168"}],"curies":[{"name":"wp","href":"https:\/\/api.w.org\/{rel}","templated":true}]}}