{"id":114,"date":"2021-02-05T17:14:32","date_gmt":"2021-02-05T15:14:32","guid":{"rendered":"http:\/\/seitsesolme.ee\/?p=114"},"modified":"2021-02-27T18:56:55","modified_gmt":"2021-02-27T16:56:55","slug":"karl-martin-sinijarve-raamatusoovitused-asko-kunnap-ja-sojaajalugu-meelemurkide-kaudu","status":"publish","type":"post","link":"https:\/\/seitsesolme.ee\/index.php\/2021\/02\/05\/karl-martin-sinijarve-raamatusoovitused-asko-kunnap-ja-sojaajalugu-meelemurkide-kaudu\/","title":{"rendered":"Karl Martin Sinij\u00e4rve raamatusoovitused: Asko K\u00fcnnap ja s\u00f5jaajalugu meelem\u00fcrkide kaudu"},"content":{"rendered":"\n<p>Rahvusraamatukogu kultuurin\u00f5uniku\u00a0<a rel=\"noreferrer noopener\" href=\"https:\/\/www.nlib.ee\/et\/news?category=10\" target=\"_blank\">Karl Martin Sinij\u00e4rve raamatusoovitustesse<\/a>\u00a0mahtus sel korral nii Peter Andrease s\u00f5jaajaloo \u00fclevaade erinevate meelem\u00fcrkide kaudu kui ka Asko K\u00fcnnapi v\u00e4rske teos &#8220;Minu riik&#8221;.<\/p>\n\n\n\n<p>Loe veel: <a href=\"https:\/\/kultuur.err.ee\/1608098953\/karl-martin-sinijarve-raamatusoovitused-asko-kunnap-ja-sojaajalugu-meelemurkide-kaudu\">kultuur.err.ee<\/a><\/p>\n","protected":false},"excerpt":{"rendered":"<p>Rahvusraamatukogu kultuurin\u00f5uniku\u00a0Karl Martin Sinij\u00e4rve raamatusoovitustesse\u00a0mahtus sel korral nii Peter Andrease s\u00f5jaajaloo \u00fclevaade erinevate meelem\u00fcrkide kaudu kui ka Asko K\u00fcnnapi v\u00e4rske teos &#8220;Minu riik&#8221;. Loe veel: kultuur.err.ee<span class=\"more-link\"><a href=\"https:\/\/seitsesolme.ee\/index.php\/2021\/02\/05\/karl-martin-sinijarve-raamatusoovitused-asko-kunnap-ja-sojaajalugu-meelemurkide-kaudu\/\">Loe edasi<\/a><\/span><\/p>\n","protected":false},"author":1,"featured_media":115,"comment_status":"closed","ping_status":"closed","sticky":false,"template":"","format":"standard","meta":{"footnotes":""},"categories":[18,1],"tags":[],"class_list":["entry","author-seitsesolme","post-114","post","type-post","status-publish","format-standard","has-post-thumbnail","category-ajakirjanduses","category-uudised"],"_links":{"self":[{"href":"https:\/\/seitsesolme.ee\/index.php\/wp-json\/wp\/v2\/posts\/114","targetHints":{"allow":["GET"]}}],"collection":[{"href":"https:\/\/seitsesolme.ee\/index.php\/wp-json\/wp\/v2\/posts"}],"about":[{"href":"https:\/\/seitsesolme.ee\/index.php\/wp-json\/wp\/v2\/types\/post"}],"author":[{"embeddable":true,"href":"https:\/\/seitsesolme.ee\/index.php\/wp-json\/wp\/v2\/users\/1"}],"replies":[{"embeddable":true,"href":"https:\/\/seitsesolme.ee\/index.php\/wp-json\/wp\/v2\/comments?post=114"}],"version-history":[{"count":1,"href":"https:\/\/seitsesolme.ee\/index.php\/wp-json\/wp\/v2\/posts\/114\/revisions"}],"predecessor-version":[{"id":116,"href":"https:\/\/seitsesolme.ee\/index.php\/wp-json\/wp\/v2\/posts\/114\/revisions\/116"}],"wp:featuredmedia":[{"embeddable":true,"href":"https:\/\/seitsesolme.ee\/index.php\/wp-json\/wp\/v2\/media\/115"}],"wp:attachment":[{"href":"https:\/\/seitsesolme.ee\/index.php\/wp-json\/wp\/v2\/media?parent=114"}],"wp:term":[{"taxonomy":"category","embeddable":true,"href":"https:\/\/seitsesolme.ee\/index.php\/wp-json\/wp\/v2\/categories?post=114"},{"taxonomy":"post_tag","embeddable":true,"href":"https:\/\/seitsesolme.ee\/index.php\/wp-json\/wp\/v2\/tags?post=114"}],"curies":[{"name":"wp","href":"https:\/\/api.w.org\/{rel}","templated":true}]}}